{"id":101944,"date":"2026-03-13T13:21:06","date_gmt":"2026-03-13T17:21:06","guid":{"rendered":"https:\/\/support.cw\/?p=101944"},"modified":"2026-03-15T10:10:55","modified_gmt":"2026-03-15T14:10:55","slug":"equador-terug-naar-de-natuur","status":"publish","type":"post","link":"https:\/\/support.cw\/nl\/equador-terug-naar-de-natuur\/","title":{"rendered":"Equador, terug naar de natuur"},"content":{"rendered":"<div class=\"et_pb_module et_pb_text et_pb_text_0 et_pb_text_align_left et_pb_bg_layout_light\">\n<div class=\"et_pb_text_inner\">\n<h4><em>Een been op het Noordelijk en ander been op het Zuidelijk halfrond<\/em><\/h4>\n<p><strong>Ecuador, officieel de Republiek Ecuador, is een land in het noordwesten van Zuid-Amerika. Het land grenst in het noorden aan Colombia, in het oosten en zuiden aan Peru, en in het westen aan de Stille Oceaan. Het land is genoemd naar de evenaar (in het Spaans: ecuador), die het land doorsnijdt. De hoofdstad van Ecuador is Quito, de grootste stad van het land is Guayaquil.<\/strong><\/p>\n<p>Ecuador is een land met ontzettend veel bezienswaardigheden. De bestemming is ontzettend populair onder ecotoeristen. Dat is niet zo gek want Ecuador heeft ontzettend veel te bieden op het gebied van natuur. Zo kun je vanuit Ecuador de Galapagoseilanden bezoeken en daar op zoek gaan naar de bijzondere en unieke flora en fauna. Ecuador is een topbestemming als het om dieren spotten in het wild gaat. De natuur van Ecuador kan prachtig zijn. Zo ligt in het Noord\/Oosten van Ecuador een deel van het Amazonegebied. Aan de kust komt ook veel dierenleven voor net als op de bekende Galapagos eilanden.<br \/>\nIn het Noord-Oosten van Ecuador bevindt zich een deel van het Amazone regenwoud. Ook hier leven verschillende diersoorten en bijzondere planten. Op verschillende plaatsen is het daar mogelijk om in de Jungle te verblijven en bijvoorbeeld indianenstammen te bezoeken.<\/p>\n<\/div>\n<\/div>\n<div class=\"et_pb_module et_pb_text et_pb_text_1 et_pb_text_align_left et_pb_bg_layout_light\">\n<div class=\"et_pb_text_inner\">\n<h2><b>Landschappen<\/b><\/h2>\n<p>Doordat Ecuador en Peru beiden een groot stuk jungle opeisen is de oppervlakte niet exact vast te stellen. Ecuador is ongeveer zeven maal zo groot als Nederland. Het land dankt zijn naam aan de ligging rond de evenaar of equator. De evenaar loopt net ten noorden van de hoofdstad Quito die op een hoogte van 2850 meter ligt en daarmee na La Paz in Bolivia de op een na hoogst gelegen hoofdstad ter wereld is.<br \/>\nIn het zuiden en oosten wordt Ecuador begrensd door Peru (1420 km) en in het noordoosten door Colombia (590 km). Tot Ecuador behoren ook de Galapagoseilanden, een groep van dertien grote en vele tientallen kleinere eilanden. Deze archipel ligt ongeveer 1000 km uit de kust in de Grote Oceaan en ter hoogte van de evenaar.<br \/>\nEcuador heeft op het vasteland grofweg drie landschappen terwijl de Gal\u00e1pagoseilanden als een apart landschap beschouwd kan worden. Behalve dat de landschappen sterk verschillen, is dat eveneens zo met het klimaat, de planten- en dierenwereld, de inwoners en de economie.<br \/>\nDe Costa is de 20 tot 150 km brede, alluviale kustvlakte met in het zuiden het stroombekken van de R\u00edo Guayas, de grootste rivier in het kustgebied die in het westen wordt afgesloten door een zandsteenplateau (tot 300 m hoog) met een klifkust. Aan de kust liggen enkele heuvels die maximaal 800 meter hoog zijn. Uitgestrekte bossen en plantages gaan richting Peru geleidelijk over in een smalle woestijnstrook die tot ver in Chili doorloopt. De belangrijkste rivier in het noorden is de R\u00edo Esmeraldas.<\/p>\n<\/div>\n<\/div>\n<div class=\"et_pb_module et_pb_text et_pb_text_2 et_pb_text_align_left et_pb_bg_layout_light\">\n<div class=\"et_pb_text_inner\">\n<h2><b>Evenaar<\/b><\/h2>\n<p><a href=\"https:\/\/oud.support.cw\/wp-content\/uploads\/2020\/03\/3B2-1-1.jpg\"><img loading=\"lazy\" decoding=\"async\" class=\"wp-image-5704 alignright size-full\" src=\"https:\/\/oud.support.cw\/wp-content\/uploads\/2020\/03\/3B2-1-1.jpg\" sizes=\"(max-width: 231px) 100vw, 231px\" srcset=\"https:\/\/oud.support.cw\/wp-content\/uploads\/2020\/03\/3B2-1-1.jpg 224w, https:\/\/oud.support.cw\/wp-content\/uploads\/2020\/03\/3B2-1-1-100x100.jpg 100w, https:\/\/oud.support.cw\/wp-content\/uploads\/2020\/03\/3B2-1-1-150x150.jpg 150w\" alt=\"\" width=\"231\" height=\"232\" \/><\/a>De evenaar verdeelt de aarde in een noordelijk halfrond en een zuidelijk halfrond. Ecuador is een van de landen waar de evenaar overheen \u2018loopt\u2019. Het land is dan ook naar de evenaar genoemd (equator). Net buiten Quito is het Inti-\u00d1an Solas Museum te bezoeken. Dit openluchtmuseum is helemaal gewijd aan het fenomeen \u2018evenaar\u2019 en de gebruiken van de vroege indianen, die de bijzondere eigenschappen van de evenaar eerder doorhadden dan welke wetenschapper dan ook. Wanneer je naar Ecuador gaat moet je zeker \u2018La Mitad del Mundo\u2019 (het midden van de aarde) bezoeken. Daar loopt precies de evenaar, die herkenbaar is aangegeven met een grote rode lijn. Op de evenaar zijn er merkwaardige fenomenen waar te nemen. Als je precies op de evenaar staat kan je een ei op een spijker laten balanceren; dit kan vanwege de sterkere zwaartekracht. Ook kan je daar een merkwaardige en natuurkundige proef zien. Wanneer je een emmer water leeg laat lopen in een wasbak die precies op de evenaar staat dan loopt het water recht naar beneden, een meter naar links (op het noordelijk halfrond) loopt het water tegen de klok in, uit de wasbak en een meter naar rechts (op het zuidelijk halfrond) loopt het water met de klok mee, de wasbak uit. Als je op de evenaar staat word je ook, vanwege de sterkere aantrekkingskracht van de aarde, een stuk slapper. Een meter naast de evenaar kan je de opgeheven armen van iemand anders niet naar beneden trekken, terwijl je, als diezelfde persoon op de evenaar staat, de arm met gemak omlaag kunt trekken.<\/p>\n<\/div>\n<\/div>\n<div class=\"et_pb_module et_pb_text et_pb_text_3 et_pb_text_align_left et_pb_bg_layout_light\">\n<div class=\"et_pb_text_inner\">\n<h2><b>Gal\u00e1pagoseilanden<\/b><\/h2>\n<p><a href=\"https:\/\/oud.support.cw\/file\/2020\/03\/3B2-3.jpg\"><img loading=\"lazy\" decoding=\"async\" class=\"wp-image-5714 alignright size-medium\" src=\"https:\/\/oud.support.cw\/file\/2020\/03\/3B2-3-300x225.jpg\" sizes=\"(max-width: 287px) 100vw, 287px\" srcset=\"https:\/\/oud.support.cw\/wp-content\/uploads\/2020\/03\/3B2-3-300x225.jpg 300w, https:\/\/oud.support.cw\/wp-content\/uploads\/2020\/03\/3B2-3-600x450.jpg 600w, https:\/\/oud.support.cw\/wp-content\/uploads\/2020\/03\/3B2-3-768x576.jpg 768w, https:\/\/oud.support.cw\/wp-content\/uploads\/2020\/03\/3B2-3.jpg 1024w\" alt=\"\" width=\"287\" height=\"215\" \/><\/a>Een andere bezienswaardigheid zijn de Galapagoseilanden. De Galapagoseilanden worden als vierde zone van Ecuador beschouwd.<br \/>\nOp deze eilanden heeft zich een unieke flora en fauna ontwikkeld. De Galapagoseilanden (kortweg Galapagos, Spaans: Islas Gal\u00e1pagos, officieel Archipi\u00e9lago de Col\u00f3n) zijn een verspreide groep eilanden ter hoogte van de evenaar in de Stille Oceaan. Ze liggen in open zee op ongeveer 1000 km van de westkust van Zuid-Amerika en behoren staatkundig tot Ecuador.<br \/>\nDe eilanden zijn geologisch gezien erg jong: enkele miljoenen jaren. Ze zijn van vulkanische oorsprong. Er komen veel unieke dieren en planten voor, die per eiland vaak enigszins verschillende soorten hebben gevormd. De Galapagoseilanden werden in 1535 ontdekt door de Dominicaanse bisschop Tom\u00e1s de Berlanga uit Panama nadat zijn schip in een luwte kwam en afdreef. Ze waren onbewoond, hoewel Thor Heyerdahl in de jaren 50 aardewerkvondsten rapporteerde die van Zuid-Amerikaanse origine zouden zijn, waarover nog controverse zou bestaan. Ecuador annexeerde de Galapagoseilanden op 12 februari 1832.<\/p>\n<\/div>\n<\/div>\n<div class=\"et_pb_module et_pb_text et_pb_text_4 et_pb_text_align_left et_pb_bg_layout_light\">\n<div class=\"et_pb_text_inner\">\n<h2><b>Charles Darwin<\/b><\/h2>\n<p>Charles Darwin bezocht Galapagos met het onderzoeksschip Beagle in september 1835 en bracht er ongeveer vijf weken door met het bestuderen van de geologie en biologie van vier van de eilanden. Mede door zijn bevindingen tijdens dit bezoek aan de eilandengroep ontwikkelde Darwin zijn evolutietheorie. De naar hem genoemde darwinvinken zijn een bekend voorbeeld van het ontstaan van variaties in soorten door erfelijke aanpassingen volgens de evolutietheorie. In verband daarmee zijn soorten op ge\u00efsoleerde eilanden en eilandengroepen voor biologen een specifiek aandachtsgebied geworden.<\/p>\n<p>Sinds 1959 zijn de eilanden een nationaal park. Datzelfde jaar werd ook de Charles Darwin Foundation opgericht, die zich bezighoudt met de instandhouding van de natuurlijke toestand van de eilanden. Ook de oceaan eromheen is uitgeroepen tot zeereservaat. Sinds 1978 staan de eilanden op de werelderfgoedlijst van de UNESCO en in 1981 werd dit met het zeereservaat uitgebreid.<\/p>\n<\/div>\n<\/div>\n<div class=\"et_pb_module et_pb_text et_pb_text_5 et_pb_text_align_left et_pb_bg_layout_light\">\n<div class=\"et_pb_text_inner\">\n<h2><b>InselAir<\/b><\/h2>\n<p>Al met al is Ecuador een prachtig land om te bezoeken. InselAir heeft wekelijks een vlucht naar Quito, Ecuador.<\/p>\n<\/div>\n<\/div>\n","protected":false},"excerpt":{"rendered":"<p>Een been op het Noordelijk en ander been op het Zuidelijk halfrond Ecuador, officieel de Republiek Ecuador, is een land in het noordwesten van Zuid-Amerika. Het land grenst in het noorden aan Colombia, in het oosten en zuiden aan Peru, en in het westen aan de Stille Oceaan. Het land is genoemd naar de evenaar [&hellip;]<\/p>\n","protected":false},"author":34,"featured_media":101997,"comment_status":"open","ping_status":"open","sticky":false,"template":"","format":"standard","meta":{"_et_pb_use_builder":"","_et_pb_old_content":"","_et_gb_content_width":"","footnotes":""},"categories":[4],"tags":[204],"class_list":["post-101944","post","type-post","status-publish","format-standard","has-post-thumbnail","hentry","category-gezond-bewegen","tag-editie-43"],"a3_pvc":{"activated":false,"total_views":0,"today_views":0},"yoast_head":"<!-- This site is optimized with the Yoast SEO plugin v27.4 - https:\/\/yoast.com\/product\/yoast-seo-wordpress\/ -->\n<title>Equador, terug naar de natuur - Support<\/title>\n<meta name=\"robots\" content=\"index, follow, max-snippet:-1, max-image-preview:large, max-video-preview:-1\" \/>\n<link rel=\"canonical\" href=\"https:\/\/support.cw\/nl\/equador-terug-naar-de-natuur\/\" \/>\n<meta property=\"og:locale\" content=\"nl_NL\" \/>\n<meta property=\"og:type\" content=\"article\" \/>\n<meta property=\"og:title\" content=\"Equador, terug naar de natuur - Support\" \/>\n<meta property=\"og:description\" content=\"Een been op het Noordelijk en ander been op het Zuidelijk halfrond Ecuador, officieel de Republiek Ecuador, is een land in het noordwesten van Zuid-Amerika. Het land grenst in het noorden aan Colombia, in het oosten en zuiden aan Peru, en in het westen aan de Stille Oceaan. Het land is genoemd naar de evenaar [&hellip;]\" \/>\n<meta property=\"og:url\" content=\"https:\/\/support.cw\/nl\/equador-terug-naar-de-natuur\/\" \/>\n<meta property=\"og:site_name\" content=\"Support\" \/>\n<meta property=\"article:published_time\" content=\"2026-03-13T17:21:06+00:00\" \/>\n<meta property=\"article:modified_time\" content=\"2026-03-15T14:10:55+00:00\" \/>\n<meta property=\"og:image\" content=\"https:\/\/support.cw\/wp-content\/uploads\/2026\/03\/Equador-terug-naar-de-natuur.jpg\" \/>\n\t<meta property=\"og:image:width\" content=\"1024\" \/>\n\t<meta property=\"og:image:height\" content=\"768\" \/>\n\t<meta property=\"og:image:type\" content=\"image\/jpeg\" \/>\n<meta name=\"author\" content=\"Hannah-Lize Elizabeth\" \/>\n<meta name=\"twitter:card\" content=\"summary_large_image\" \/>\n<meta name=\"twitter:label1\" content=\"Geschreven door\" \/>\n\t<meta name=\"twitter:data1\" content=\"Hannah-Lize Elizabeth\" \/>\n\t<meta name=\"twitter:label2\" content=\"Geschatte leestijd\" \/>\n\t<meta name=\"twitter:data2\" content=\"6 minuten\" \/>\n<script type=\"application\/ld+json\" class=\"yoast-schema-graph\">{\"@context\":\"https:\\\/\\\/schema.org\",\"@graph\":[{\"@type\":\"Article\",\"@id\":\"https:\\\/\\\/support.cw\\\/equador-terug-naar-de-natuur\\\/#article\",\"isPartOf\":{\"@id\":\"https:\\\/\\\/support.cw\\\/equador-terug-naar-de-natuur\\\/\"},\"author\":{\"name\":\"Hannah-Lize Elizabeth\",\"@id\":\"https:\\\/\\\/support.cw\\\/nl\\\/#\\\/schema\\\/person\\\/01e7f34f81330a94f3e429d476ed87e7\"},\"headline\":\"Equador, terug naar de natuur\",\"datePublished\":\"2026-03-13T17:21:06+00:00\",\"dateModified\":\"2026-03-15T14:10:55+00:00\",\"mainEntityOfPage\":{\"@id\":\"https:\\\/\\\/support.cw\\\/equador-terug-naar-de-natuur\\\/\"},\"wordCount\":1053,\"commentCount\":0,\"image\":{\"@id\":\"https:\\\/\\\/support.cw\\\/equador-terug-naar-de-natuur\\\/#primaryimage\"},\"thumbnailUrl\":\"https:\\\/\\\/support.cw\\\/wp-content\\\/uploads\\\/2026\\\/03\\\/Equador-terug-naar-de-natuur.jpg\",\"keywords\":[\"editie 43\"],\"articleSection\":[\"Gezond Bewegen\"],\"inLanguage\":\"nl-NL\",\"potentialAction\":[{\"@type\":\"CommentAction\",\"name\":\"Comment\",\"target\":[\"https:\\\/\\\/support.cw\\\/equador-terug-naar-de-natuur\\\/#respond\"]}]},{\"@type\":\"WebPage\",\"@id\":\"https:\\\/\\\/support.cw\\\/equador-terug-naar-de-natuur\\\/\",\"url\":\"https:\\\/\\\/support.cw\\\/equador-terug-naar-de-natuur\\\/\",\"name\":\"Equador, terug naar de natuur - Support\",\"isPartOf\":{\"@id\":\"https:\\\/\\\/support.cw\\\/nl\\\/#website\"},\"primaryImageOfPage\":{\"@id\":\"https:\\\/\\\/support.cw\\\/equador-terug-naar-de-natuur\\\/#primaryimage\"},\"image\":{\"@id\":\"https:\\\/\\\/support.cw\\\/equador-terug-naar-de-natuur\\\/#primaryimage\"},\"thumbnailUrl\":\"https:\\\/\\\/support.cw\\\/wp-content\\\/uploads\\\/2026\\\/03\\\/Equador-terug-naar-de-natuur.jpg\",\"datePublished\":\"2026-03-13T17:21:06+00:00\",\"dateModified\":\"2026-03-15T14:10:55+00:00\",\"author\":{\"@id\":\"https:\\\/\\\/support.cw\\\/nl\\\/#\\\/schema\\\/person\\\/01e7f34f81330a94f3e429d476ed87e7\"},\"breadcrumb\":{\"@id\":\"https:\\\/\\\/support.cw\\\/equador-terug-naar-de-natuur\\\/#breadcrumb\"},\"inLanguage\":\"nl-NL\",\"potentialAction\":[{\"@type\":\"ReadAction\",\"target\":[\"https:\\\/\\\/support.cw\\\/equador-terug-naar-de-natuur\\\/\"]}]},{\"@type\":\"ImageObject\",\"inLanguage\":\"nl-NL\",\"@id\":\"https:\\\/\\\/support.cw\\\/equador-terug-naar-de-natuur\\\/#primaryimage\",\"url\":\"https:\\\/\\\/support.cw\\\/wp-content\\\/uploads\\\/2026\\\/03\\\/Equador-terug-naar-de-natuur.jpg\",\"contentUrl\":\"https:\\\/\\\/support.cw\\\/wp-content\\\/uploads\\\/2026\\\/03\\\/Equador-terug-naar-de-natuur.jpg\",\"width\":1024,\"height\":768},{\"@type\":\"BreadcrumbList\",\"@id\":\"https:\\\/\\\/support.cw\\\/equador-terug-naar-de-natuur\\\/#breadcrumb\",\"itemListElement\":[{\"@type\":\"ListItem\",\"position\":1,\"name\":\"Home\",\"item\":\"https:\\\/\\\/support.cw\\\/nl\\\/\"},{\"@type\":\"ListItem\",\"position\":2,\"name\":\"Equador, terug naar de natuur\"}]},{\"@type\":\"WebSite\",\"@id\":\"https:\\\/\\\/support.cw\\\/nl\\\/#website\",\"url\":\"https:\\\/\\\/support.cw\\\/nl\\\/\",\"name\":\"Support\",\"description\":\"Gezondheid en Preventie\",\"potentialAction\":[{\"@type\":\"SearchAction\",\"target\":{\"@type\":\"EntryPoint\",\"urlTemplate\":\"https:\\\/\\\/support.cw\\\/nl\\\/?s={search_term_string}\"},\"query-input\":{\"@type\":\"PropertyValueSpecification\",\"valueRequired\":true,\"valueName\":\"search_term_string\"}}],\"inLanguage\":\"nl-NL\"},{\"@type\":\"Person\",\"@id\":\"https:\\\/\\\/support.cw\\\/nl\\\/#\\\/schema\\\/person\\\/01e7f34f81330a94f3e429d476ed87e7\",\"name\":\"Hannah-Lize Elizabeth\",\"image\":{\"@type\":\"ImageObject\",\"inLanguage\":\"nl-NL\",\"@id\":\"https:\\\/\\\/secure.gravatar.com\\\/avatar\\\/1c290f3150860c185ab3cce72b8cdef420cd63c2be634dfa12cfe21bade5751c?s=96&d=mm&r=g\",\"url\":\"https:\\\/\\\/secure.gravatar.com\\\/avatar\\\/1c290f3150860c185ab3cce72b8cdef420cd63c2be634dfa12cfe21bade5751c?s=96&d=mm&r=g\",\"contentUrl\":\"https:\\\/\\\/secure.gravatar.com\\\/avatar\\\/1c290f3150860c185ab3cce72b8cdef420cd63c2be634dfa12cfe21bade5751c?s=96&d=mm&r=g\",\"caption\":\"Hannah-Lize Elizabeth\"},\"url\":\"https:\\\/\\\/support.cw\\\/nl\\\/author\\\/hlcs\\\/\"}]}<\/script>\n<!-- \/ Yoast SEO plugin. -->","yoast_head_json":{"title":"Equador, terug naar de natuur - Support","robots":{"index":"index","follow":"follow","max-snippet":"max-snippet:-1","max-image-preview":"max-image-preview:large","max-video-preview":"max-video-preview:-1"},"canonical":"https:\/\/support.cw\/nl\/equador-terug-naar-de-natuur\/","og_locale":"nl_NL","og_type":"article","og_title":"Equador, terug naar de natuur - Support","og_description":"Een been op het Noordelijk en ander been op het Zuidelijk halfrond Ecuador, officieel de Republiek Ecuador, is een land in het noordwesten van Zuid-Amerika. Het land grenst in het noorden aan Colombia, in het oosten en zuiden aan Peru, en in het westen aan de Stille Oceaan. Het land is genoemd naar de evenaar [&hellip;]","og_url":"https:\/\/support.cw\/nl\/equador-terug-naar-de-natuur\/","og_site_name":"Support","article_published_time":"2026-03-13T17:21:06+00:00","article_modified_time":"2026-03-15T14:10:55+00:00","og_image":[{"width":1024,"height":768,"url":"https:\/\/support.cw\/wp-content\/uploads\/2026\/03\/Equador-terug-naar-de-natuur.jpg","type":"image\/jpeg"}],"author":"Hannah-Lize Elizabeth","twitter_card":"summary_large_image","twitter_misc":{"Geschreven door":"Hannah-Lize Elizabeth","Geschatte leestijd":"6 minuten"},"schema":{"@context":"https:\/\/schema.org","@graph":[{"@type":"Article","@id":"https:\/\/support.cw\/equador-terug-naar-de-natuur\/#article","isPartOf":{"@id":"https:\/\/support.cw\/equador-terug-naar-de-natuur\/"},"author":{"name":"Hannah-Lize Elizabeth","@id":"https:\/\/support.cw\/nl\/#\/schema\/person\/01e7f34f81330a94f3e429d476ed87e7"},"headline":"Equador, terug naar de natuur","datePublished":"2026-03-13T17:21:06+00:00","dateModified":"2026-03-15T14:10:55+00:00","mainEntityOfPage":{"@id":"https:\/\/support.cw\/equador-terug-naar-de-natuur\/"},"wordCount":1053,"commentCount":0,"image":{"@id":"https:\/\/support.cw\/equador-terug-naar-de-natuur\/#primaryimage"},"thumbnailUrl":"https:\/\/support.cw\/wp-content\/uploads\/2026\/03\/Equador-terug-naar-de-natuur.jpg","keywords":["editie 43"],"articleSection":["Gezond Bewegen"],"inLanguage":"nl-NL","potentialAction":[{"@type":"CommentAction","name":"Comment","target":["https:\/\/support.cw\/equador-terug-naar-de-natuur\/#respond"]}]},{"@type":"WebPage","@id":"https:\/\/support.cw\/equador-terug-naar-de-natuur\/","url":"https:\/\/support.cw\/equador-terug-naar-de-natuur\/","name":"Equador, terug naar de natuur - Support","isPartOf":{"@id":"https:\/\/support.cw\/nl\/#website"},"primaryImageOfPage":{"@id":"https:\/\/support.cw\/equador-terug-naar-de-natuur\/#primaryimage"},"image":{"@id":"https:\/\/support.cw\/equador-terug-naar-de-natuur\/#primaryimage"},"thumbnailUrl":"https:\/\/support.cw\/wp-content\/uploads\/2026\/03\/Equador-terug-naar-de-natuur.jpg","datePublished":"2026-03-13T17:21:06+00:00","dateModified":"2026-03-15T14:10:55+00:00","author":{"@id":"https:\/\/support.cw\/nl\/#\/schema\/person\/01e7f34f81330a94f3e429d476ed87e7"},"breadcrumb":{"@id":"https:\/\/support.cw\/equador-terug-naar-de-natuur\/#breadcrumb"},"inLanguage":"nl-NL","potentialAction":[{"@type":"ReadAction","target":["https:\/\/support.cw\/equador-terug-naar-de-natuur\/"]}]},{"@type":"ImageObject","inLanguage":"nl-NL","@id":"https:\/\/support.cw\/equador-terug-naar-de-natuur\/#primaryimage","url":"https:\/\/support.cw\/wp-content\/uploads\/2026\/03\/Equador-terug-naar-de-natuur.jpg","contentUrl":"https:\/\/support.cw\/wp-content\/uploads\/2026\/03\/Equador-terug-naar-de-natuur.jpg","width":1024,"height":768},{"@type":"BreadcrumbList","@id":"https:\/\/support.cw\/equador-terug-naar-de-natuur\/#breadcrumb","itemListElement":[{"@type":"ListItem","position":1,"name":"Home","item":"https:\/\/support.cw\/nl\/"},{"@type":"ListItem","position":2,"name":"Equador, terug naar de natuur"}]},{"@type":"WebSite","@id":"https:\/\/support.cw\/nl\/#website","url":"https:\/\/support.cw\/nl\/","name":"Support","description":"Gezondheid en Preventie","potentialAction":[{"@type":"SearchAction","target":{"@type":"EntryPoint","urlTemplate":"https:\/\/support.cw\/nl\/?s={search_term_string}"},"query-input":{"@type":"PropertyValueSpecification","valueRequired":true,"valueName":"search_term_string"}}],"inLanguage":"nl-NL"},{"@type":"Person","@id":"https:\/\/support.cw\/nl\/#\/schema\/person\/01e7f34f81330a94f3e429d476ed87e7","name":"Hannah-Lize Elizabeth","image":{"@type":"ImageObject","inLanguage":"nl-NL","@id":"https:\/\/secure.gravatar.com\/avatar\/1c290f3150860c185ab3cce72b8cdef420cd63c2be634dfa12cfe21bade5751c?s=96&d=mm&r=g","url":"https:\/\/secure.gravatar.com\/avatar\/1c290f3150860c185ab3cce72b8cdef420cd63c2be634dfa12cfe21bade5751c?s=96&d=mm&r=g","contentUrl":"https:\/\/secure.gravatar.com\/avatar\/1c290f3150860c185ab3cce72b8cdef420cd63c2be634dfa12cfe21bade5751c?s=96&d=mm&r=g","caption":"Hannah-Lize Elizabeth"},"url":"https:\/\/support.cw\/nl\/author\/hlcs\/"}]}},"_links":{"self":[{"href":"https:\/\/support.cw\/nl\/wp-json\/wp\/v2\/posts\/101944","targetHints":{"allow":["GET"]}}],"collection":[{"href":"https:\/\/support.cw\/nl\/wp-json\/wp\/v2\/posts"}],"about":[{"href":"https:\/\/support.cw\/nl\/wp-json\/wp\/v2\/types\/post"}],"author":[{"embeddable":true,"href":"https:\/\/support.cw\/nl\/wp-json\/wp\/v2\/users\/34"}],"replies":[{"embeddable":true,"href":"https:\/\/support.cw\/nl\/wp-json\/wp\/v2\/comments?post=101944"}],"version-history":[{"count":3,"href":"https:\/\/support.cw\/nl\/wp-json\/wp\/v2\/posts\/101944\/revisions"}],"predecessor-version":[{"id":101947,"href":"https:\/\/support.cw\/nl\/wp-json\/wp\/v2\/posts\/101944\/revisions\/101947"}],"wp:featuredmedia":[{"embeddable":true,"href":"https:\/\/support.cw\/nl\/wp-json\/wp\/v2\/media\/101997"}],"wp:attachment":[{"href":"https:\/\/support.cw\/nl\/wp-json\/wp\/v2\/media?parent=101944"}],"wp:term":[{"taxonomy":"category","embeddable":true,"href":"https:\/\/support.cw\/nl\/wp-json\/wp\/v2\/categories?post=101944"},{"taxonomy":"post_tag","embeddable":true,"href":"https:\/\/support.cw\/nl\/wp-json\/wp\/v2\/tags?post=101944"}],"curies":[{"name":"wp","href":"https:\/\/api.w.org\/{rel}","templated":true}]}}